{"id":4000,"date":"2021-02-15T19:00:00","date_gmt":"2021-02-15T18:00:00","guid":{"rendered":"https:\/\/www.leti.com\/dermipedia\/quais-sao-os-efeitos-da-vitamina-a-na-pele\/"},"modified":"2025-10-14T15:46:45","modified_gmt":"2025-10-14T13:46:45","slug":"quais-sao-os-efeitos-da-vitamina-a-na-pele","status":"publish","type":"post","link":"https:\/\/www.leti.com\/dermipedia\/pt-pt\/quais-sao-os-efeitos-da-vitamina-a-na-pele\/","title":{"rendered":"Quais s\u00e3o os efeitos da vitamina A na pele?"},"content":{"rendered":"\n<p>A vitamina A \u00e9 uma vitamina <strong>essencial<\/strong> para o nosso corpo em geral e para a nossa pele em particular.  <\/p>\n\n\n\n<p>A vitamina A tem <strong>mol\u00e9culas precursoras,<\/strong> a partir das quais \u00e9 sintetizada, chamadas <strong>carotenos<\/strong>, e outras que dela derivam, como o <strong>retinol<\/strong> e o \u00e1cido <strong>retin\u00f3ico<\/strong>. Todas estas mol\u00e9culas t\u00eam fun\u00e7\u00f5es biol\u00f3gicas <strong>fundamentais no nosso organismo. <\/strong>  <\/p>\n\n\n\n<p>Para al\u00e9m de participarem no desenvolvimento e no crescimento das c\u00e9lulas do nosso organismo, a vitamina A e os carotenos t\u00eam <strong>propriedades <a href=\"https:\/\/www.leti.com\/dermipedia\/pt-pt\/que-es\/o-que-sao-antioxidantes\/\">antioxidantes<\/a><\/strong>, ou seja, <strong>protegem<\/strong> as c\u00e9lulas <strong>do<\/strong> nosso organismo <strong>dos efeitos dos radicais livres<\/strong>. Os radicais livres s\u00e3o <strong>mol\u00e9culas <em>t\u00f3xicas<\/em><\/strong> geradas quando os alimentos se decomp\u00f5em ou quando estamos expostos \u00e0 polui\u00e7\u00e3o, ao fumo do tabaco e \u00e0 radia\u00e7\u00e3o solar.   <\/p>\n\n\n\n<h2 class=\"wp-block-heading\"><strong>De que dependem os n\u00edveis de caroteno na minha pele?<\/strong><\/h2>\n\n\n\n<p>O n\u00edvel de caroten\u00f3ides na pele <strong>depende da dieta, da<\/strong> <strong>\u00e1rea da pele<\/strong> e <strong>do<\/strong> <strong>estilo de vida<\/strong>.<\/p>\n\n\n\n<ul class=\"wp-block-list\">\n<li>Dieta: <strong>o consumo excessivo de alimentos<\/strong> que cont\u00eam <strong>caroten\u00f3ides<\/strong> aumenta transitoriamente a sua presen\u00e7a na pele e pode conferir-lhe um <strong>tom<\/strong> <strong>alaranjado<\/strong> geral, diferente do tom castanho de um bronzeado.<\/li>\n\n\n\n<li>A zona da pele: <strong>As palmas das m\u00e3os e plantas dos p\u00e9s<\/strong> acumulam o <strong>n\u00edvel mais elevado de carotenos<\/strong>, raz\u00e3o pela qual adquirem uma tonalidade nitidamente alaranjada quando comemos muitos alimentos ricos em carotenos, como as <strong>cenouras<\/strong> ou <strong>as laranjas<\/strong>.<\/li>\n\n\n\n<li>Estilo de vida: <strong>fumadores<\/strong>, pessoas com <a href=\"https:\/\/www.leti.com\/dermipedia\/pt-pt\/que-es\/o-que-e-a-radiacao-solar\/\"><strong>exposi\u00e7\u00e3o solar<\/strong> <strong>exposi\u00e7\u00e3o excessiva ao sol<\/strong><\/a> ou com certas <strong>doen\u00e7as<\/strong>, como o cancro, t\u00eam<strong> n\u00edveis mais baixos de caroten\u00f3ides<\/strong> na sua pele e, por isso, a sua pele tem um aspeto menos saud\u00e1vel.<\/li>\n<\/ul>\n\n\n\n<h2 class=\"wp-block-heading\"><strong>Onde est\u00e1 a vitamina A? Preciso de tomar suplementos? <\/strong><\/h2>\n\n\n\n<p>A vitamina A est\u00e1 <strong>presente<\/strong> em muitos alimentos, como <strong>as leguminosas<\/strong>, os <strong>produtos l\u00e1cteos<\/strong> e <strong>o f\u00edgado<\/strong>. <strong>Os alimentos ricos em caroten\u00f3ides<\/strong>, como os vegetais de folha, as cenouras e a fruta, tamb\u00e9m fornecem <strong>vitamina A<\/strong>, porque o corpo converte os caroten\u00f3ides em vitamina A. <\/p>\n\n\n\n<p><strong>As pessoas saud\u00e1veis<\/strong> que seguem uma dieta saud\u00e1vel e equilibrada<a href=\"https:\/\/www.leti.com\/dermipedia\/pt-pt\/que-es\/o-que-sao-suplementos-nutricionais\/\"> <strong>n\u00e3o precisam de<\/strong> <strong>tomar<\/strong> <strong>suplementos<\/strong><\/a> suplementos de vitamina A. Al\u00e9m disso, <strong>os suplementos n\u00e3o substituem as propriedades da vitamina A<\/strong> natural fornecida pelos alimentos.<\/p>\n\n\n\n<p>A car\u00eancia de vitamina A \u00e9 rara em Portugal, exceto em estados de <strong>desnutri\u00e7\u00e3o<\/strong> ou <strong>doen\u00e7as que dificultem a sua absor\u00e7\u00e3o<\/strong>. Manifesta-se por <strong>olhos secos<\/strong>,<strong> dist\u00farbios imunit\u00e1rios<\/strong> e<strong> atraso no crescimento<\/strong>, entre outros.<\/p>\n\n\n\n<p>\u00c9 importante notar que o <strong>excesso de vitamina A pode ser prejudicial<\/strong>, especialmente durante a <strong><a href=\"https:\/\/www.leti.com\/dermipedia\/pt-pt\/dudas\/a-linha-letisr-pode-ser-utilizada-durante-a-gravidez\/\">gravidez<\/a><\/strong> pois pode causar malforma\u00e7\u00f5es no feto.<\/p>\n\n\n\n<h2 class=\"wp-block-heading\"><strong>Carotenos e est\u00e9tica<\/strong><\/h2>\n\n\n\n<p>N\u00e3o h\u00e1 d\u00favida de que <strong>a vitamina A, os carotenos e os <\/strong>seus<strong> derivados s\u00e3o essenciais<\/strong> para a nossa sa\u00fade geral, uma vez que est\u00e3o envolvidos na fun\u00e7\u00e3o visual e na <strong>preven\u00e7\u00e3o do cancro<\/strong>, mas tamb\u00e9m <a href=\"https:\/\/www.leti.com\/dermipedia\/pt-pt\/cuida-da-tua-pele-com-estes-truques-simples\/\">melhoram o aspeto est\u00e9tico da nossa pele<\/a>, modificando a sua cor e atenuando os danos causados pela radia\u00e7\u00e3o solar.<\/p>\n\n\n\n<p>Estudos demonstram que <strong>as pessoas que incluem mais carotenos<\/strong> na sua dieta t\u00eam uma <strong>tonalidade<\/strong> ligeiramente alaranjada na sua pele, o que lhes confere uma apar\u00eancia <strong>mais saud\u00e1vel <\/strong>. Al\u00e9m disso, esta tonalidade, que \u00e9 diferente da proporcionada pelo bronzeado, d\u00e1 uma sensa\u00e7\u00e3o de <strong>beleza<\/strong> tanto subjectiva como objetiva.  <\/p>\n\n\n\n<p>Os carotenos t\u00eam uma certa <strong>capacidade de prote\u00e7\u00e3o<\/strong> contra a radia\u00e7\u00e3o ultravioleta, eliminando os radicais livres produzidos pelos danos causados pelo sol.  <\/p>\n\n\n\n<p>Sabe-se tamb\u00e9m que alguns carotenos podem ter um certo efeito <strong>&#8220;despigmentante<\/strong>&#8220;, atenuando as manchas solares do <strong>fotoenvelhecimento<\/strong>, pelo que se estuda a possibilidade de utilizar as suas <strong>propriedades<\/strong> <strong>fotoprotetoras<\/strong> e <strong>despigmentantes<\/strong> em produtos cosm\u00e9ticos.<\/p>\n\n\n\n<p>Em suma, uma <strong>alimenta\u00e7\u00e3o saud\u00e1vel \u00e9 essencial para a sa\u00fade<\/strong> e o aspeto da nossa pele. Come de forma saud\u00e1vel, saborosa e vive a tua pele.   <\/p>\n","protected":false},"excerpt":{"rendered":"Quais s\u00e3o os efeitos da vitamina A na pele?\nA vitamina A tem mol\u00e9culas precursoras com propriedades antioxidantes que protegem as c\u00e9lulas do nosso corpo do efeito dos radicais livres.\n","protected":false},"author":3,"featured_media":3811,"comment_status":"closed","ping_status":"closed","sticky":false,"template":"","format":"standard","meta":{"_acf_changed":false,"footnotes":""},"categories":[92],"tags":[113],"class_list":{"0":"post-4000","1":"post","2":"type-post","3":"status-publish","4":"format-standard","5":"has-post-thumbnail","7":"category-sem-categoria","8":"tag-alimentacao"},"acf":[],"yoast_head":"<!-- This site is optimized with the Yoast SEO plugin v26.1.1 - https:\/\/yoast.com\/wordpress\/plugins\/seo\/ -->\n<title>Quais s\u00e3o os efeitos da vitamina A na pele? - Dermipedia<\/title>\n<meta name=\"description\" content=\"Quais s\u00e3o os efeitos da vitamina A na pele?  A vitamina A tem mol\u00e9culas precursoras com propriedades antioxidantes que protegem as c\u00e9lulas do nosso corpo do efeito dos radicais livres.\" \/>\n<meta name=\"robots\" content=\"index, follow, max-snippet:-1, max-image-preview:large, max-video-preview:-1\" \/>\n<link rel=\"canonical\" href=\"https:\/\/www.leti.com\/dermipedia\/pt-pt\/quais-sao-os-efeitos-da-vitamina-a-na-pele\/\" \/>\n<meta property=\"og:locale\" content=\"pt_PT\" \/>\n<meta property=\"og:type\" content=\"article\" \/>\n<meta property=\"og:title\" content=\"Quais s\u00e3o os efeitos da vitamina A na pele? - Dermipedia\" \/>\n<meta property=\"og:description\" content=\"Quais s\u00e3o os efeitos da vitamina A na pele?  A vitamina A tem mol\u00e9culas precursoras com propriedades antioxidantes que protegem as c\u00e9lulas do nosso corpo do efeito dos radicais livres.\" \/>\n<meta property=\"og:url\" content=\"https:\/\/www.leti.com\/dermipedia\/pt-pt\/quais-sao-os-efeitos-da-vitamina-a-na-pele\/\" \/>\n<meta property=\"og:site_name\" content=\"Dermipedia\" \/>\n<meta property=\"article:published_time\" content=\"2021-02-15T18:00:00+00:00\" \/>\n<meta property=\"article:modified_time\" content=\"2025-10-14T13:46:45+00:00\" \/>\n<meta property=\"og:image\" content=\"https:\/\/www.leti.com\/dermipedia\/wp-content\/uploads\/2021\/02\/vitaminaA_bajacalidad.jpg\" \/>\n\t<meta property=\"og:image:width\" content=\"1161\" \/>\n\t<meta property=\"og:image:height\" content=\"682\" \/>\n\t<meta property=\"og:image:type\" content=\"image\/jpeg\" \/>\n<meta name=\"author\" content=\"leti\" \/>\n<meta name=\"twitter:card\" content=\"summary_large_image\" \/>\n<meta name=\"twitter:label1\" content=\"Escrito por\" \/>\n\t<meta name=\"twitter:data1\" content=\"leti\" \/>\n\t<meta name=\"twitter:label2\" content=\"Tempo estimado de leitura\" \/>\n\t<meta name=\"twitter:data2\" content=\"4 minutos\" \/>\n<script type=\"application\/ld+json\" class=\"yoast-schema-graph\">{\"@context\":\"https:\/\/schema.org\",\"@graph\":[{\"@type\":\"WebPage\",\"@id\":\"https:\/\/www.leti.com\/dermipedia\/pt-pt\/quais-sao-os-efeitos-da-vitamina-a-na-pele\/\",\"url\":\"https:\/\/www.leti.com\/dermipedia\/pt-pt\/quais-sao-os-efeitos-da-vitamina-a-na-pele\/\",\"name\":\"Quais s\u00e3o os efeitos da vitamina A na pele? - Dermipedia\",\"isPartOf\":{\"@id\":\"https:\/\/www.leti.com\/dermipedia\/pt-pt\/#website\"},\"primaryImageOfPage\":{\"@id\":\"https:\/\/www.leti.com\/dermipedia\/pt-pt\/quais-sao-os-efeitos-da-vitamina-a-na-pele\/#primaryimage\"},\"image\":{\"@id\":\"https:\/\/www.leti.com\/dermipedia\/pt-pt\/quais-sao-os-efeitos-da-vitamina-a-na-pele\/#primaryimage\"},\"thumbnailUrl\":\"https:\/\/www.leti.com\/dermipedia\/wp-content\/uploads\/2021\/02\/vitaminaA_bajacalidad.jpg\",\"datePublished\":\"2021-02-15T18:00:00+00:00\",\"dateModified\":\"2025-10-14T13:46:45+00:00\",\"author\":{\"@id\":\"https:\/\/www.leti.com\/dermipedia\/pt-pt\/#\/schema\/person\/60c371053d92fccd8ea744d4fda87f8c\"},\"description\":\"Quais s\u00e3o os efeitos da vitamina A na pele? A vitamina A tem mol\u00e9culas precursoras com propriedades antioxidantes que protegem as c\u00e9lulas do nosso corpo do efeito dos radicais livres.\",\"breadcrumb\":{\"@id\":\"https:\/\/www.leti.com\/dermipedia\/pt-pt\/quais-sao-os-efeitos-da-vitamina-a-na-pele\/#breadcrumb\"},\"inLanguage\":\"pt-PT\",\"potentialAction\":[{\"@type\":\"ReadAction\",\"target\":[\"https:\/\/www.leti.com\/dermipedia\/pt-pt\/quais-sao-os-efeitos-da-vitamina-a-na-pele\/\"]}]},{\"@type\":\"ImageObject\",\"inLanguage\":\"pt-PT\",\"@id\":\"https:\/\/www.leti.com\/dermipedia\/pt-pt\/quais-sao-os-efeitos-da-vitamina-a-na-pele\/#primaryimage\",\"url\":\"https:\/\/www.leti.com\/dermipedia\/wp-content\/uploads\/2021\/02\/vitaminaA_bajacalidad.jpg\",\"contentUrl\":\"https:\/\/www.leti.com\/dermipedia\/wp-content\/uploads\/2021\/02\/vitaminaA_bajacalidad.jpg\",\"width\":1161,\"height\":682,\"caption\":\"VitaminaA\"},{\"@type\":\"BreadcrumbList\",\"@id\":\"https:\/\/www.leti.com\/dermipedia\/pt-pt\/quais-sao-os-efeitos-da-vitamina-a-na-pele\/#breadcrumb\",\"itemListElement\":[{\"@type\":\"ListItem\",\"position\":1,\"name\":\"Portada\",\"item\":\"https:\/\/www.leti.com\/dermipedia\/pt-pt\/\"},{\"@type\":\"ListItem\",\"position\":2,\"name\":\"Quais s\u00e3o os efeitos da vitamina A na pele?\"}]},{\"@type\":\"WebSite\",\"@id\":\"https:\/\/www.leti.com\/dermipedia\/pt-pt\/#website\",\"url\":\"https:\/\/www.leti.com\/dermipedia\/pt-pt\/\",\"name\":\"Dermipedia\",\"description\":\"Todos os segredos da pele\",\"potentialAction\":[{\"@type\":\"SearchAction\",\"target\":{\"@type\":\"EntryPoint\",\"urlTemplate\":\"https:\/\/www.leti.com\/dermipedia\/pt-pt\/?s={search_term_string}\"},\"query-input\":{\"@type\":\"PropertyValueSpecification\",\"valueRequired\":true,\"valueName\":\"search_term_string\"}}],\"inLanguage\":\"pt-PT\"},{\"@type\":\"Person\",\"@id\":\"https:\/\/www.leti.com\/dermipedia\/pt-pt\/#\/schema\/person\/60c371053d92fccd8ea744d4fda87f8c\",\"name\":\"leti\",\"image\":{\"@type\":\"ImageObject\",\"inLanguage\":\"pt-PT\",\"@id\":\"https:\/\/www.leti.com\/dermipedia\/pt-pt\/#\/schema\/person\/image\/\",\"url\":\"https:\/\/www.leti.com\/dermipedia\/wp-content\/uploads\/2024\/07\/36b43317b744f8a8dbe4141b5b88e713-150x150.png\",\"contentUrl\":\"https:\/\/www.leti.com\/dermipedia\/wp-content\/uploads\/2024\/07\/36b43317b744f8a8dbe4141b5b88e713-150x150.png\",\"caption\":\"leti\"},\"description\":\"Doctora en informaci\u00f3n biogr\u00e1fica.\"}]}<\/script>\n<!-- \/ Yoast SEO plugin. -->","yoast_head_json":{"title":"Quais s\u00e3o os efeitos da vitamina A na pele? - Dermipedia","description":"Quais s\u00e3o os efeitos da vitamina A na pele?  A vitamina A tem mol\u00e9culas precursoras com propriedades antioxidantes que protegem as c\u00e9lulas do nosso corpo do efeito dos radicais livres.","robots":{"index":"index","follow":"follow","max-snippet":"max-snippet:-1","max-image-preview":"max-image-preview:large","max-video-preview":"max-video-preview:-1"},"canonical":"https:\/\/www.leti.com\/dermipedia\/pt-pt\/quais-sao-os-efeitos-da-vitamina-a-na-pele\/","og_locale":"pt_PT","og_type":"article","og_title":"Quais s\u00e3o os efeitos da vitamina A na pele? - Dermipedia","og_description":"Quais s\u00e3o os efeitos da vitamina A na pele?  A vitamina A tem mol\u00e9culas precursoras com propriedades antioxidantes que protegem as c\u00e9lulas do nosso corpo do efeito dos radicais livres.","og_url":"https:\/\/www.leti.com\/dermipedia\/pt-pt\/quais-sao-os-efeitos-da-vitamina-a-na-pele\/","og_site_name":"Dermipedia","article_published_time":"2021-02-15T18:00:00+00:00","article_modified_time":"2025-10-14T13:46:45+00:00","og_image":[{"width":1161,"height":682,"url":"https:\/\/www.leti.com\/dermipedia\/wp-content\/uploads\/2021\/02\/vitaminaA_bajacalidad.jpg","type":"image\/jpeg"}],"author":"leti","twitter_card":"summary_large_image","twitter_misc":{"Escrito por":"leti","Tempo estimado de leitura":"4 minutos"},"schema":{"@context":"https:\/\/schema.org","@graph":[{"@type":"WebPage","@id":"https:\/\/www.leti.com\/dermipedia\/pt-pt\/quais-sao-os-efeitos-da-vitamina-a-na-pele\/","url":"https:\/\/www.leti.com\/dermipedia\/pt-pt\/quais-sao-os-efeitos-da-vitamina-a-na-pele\/","name":"Quais s\u00e3o os efeitos da vitamina A na pele? - Dermipedia","isPartOf":{"@id":"https:\/\/www.leti.com\/dermipedia\/pt-pt\/#website"},"primaryImageOfPage":{"@id":"https:\/\/www.leti.com\/dermipedia\/pt-pt\/quais-sao-os-efeitos-da-vitamina-a-na-pele\/#primaryimage"},"image":{"@id":"https:\/\/www.leti.com\/dermipedia\/pt-pt\/quais-sao-os-efeitos-da-vitamina-a-na-pele\/#primaryimage"},"thumbnailUrl":"https:\/\/www.leti.com\/dermipedia\/wp-content\/uploads\/2021\/02\/vitaminaA_bajacalidad.jpg","datePublished":"2021-02-15T18:00:00+00:00","dateModified":"2025-10-14T13:46:45+00:00","author":{"@id":"https:\/\/www.leti.com\/dermipedia\/pt-pt\/#\/schema\/person\/60c371053d92fccd8ea744d4fda87f8c"},"description":"Quais s\u00e3o os efeitos da vitamina A na pele? A vitamina A tem mol\u00e9culas precursoras com propriedades antioxidantes que protegem as c\u00e9lulas do nosso corpo do efeito dos radicais livres.","breadcrumb":{"@id":"https:\/\/www.leti.com\/dermipedia\/pt-pt\/quais-sao-os-efeitos-da-vitamina-a-na-pele\/#breadcrumb"},"inLanguage":"pt-PT","potentialAction":[{"@type":"ReadAction","target":["https:\/\/www.leti.com\/dermipedia\/pt-pt\/quais-sao-os-efeitos-da-vitamina-a-na-pele\/"]}]},{"@type":"ImageObject","inLanguage":"pt-PT","@id":"https:\/\/www.leti.com\/dermipedia\/pt-pt\/quais-sao-os-efeitos-da-vitamina-a-na-pele\/#primaryimage","url":"https:\/\/www.leti.com\/dermipedia\/wp-content\/uploads\/2021\/02\/vitaminaA_bajacalidad.jpg","contentUrl":"https:\/\/www.leti.com\/dermipedia\/wp-content\/uploads\/2021\/02\/vitaminaA_bajacalidad.jpg","width":1161,"height":682,"caption":"VitaminaA"},{"@type":"BreadcrumbList","@id":"https:\/\/www.leti.com\/dermipedia\/pt-pt\/quais-sao-os-efeitos-da-vitamina-a-na-pele\/#breadcrumb","itemListElement":[{"@type":"ListItem","position":1,"name":"Portada","item":"https:\/\/www.leti.com\/dermipedia\/pt-pt\/"},{"@type":"ListItem","position":2,"name":"Quais s\u00e3o os efeitos da vitamina A na pele?"}]},{"@type":"WebSite","@id":"https:\/\/www.leti.com\/dermipedia\/pt-pt\/#website","url":"https:\/\/www.leti.com\/dermipedia\/pt-pt\/","name":"Dermipedia","description":"Todos os segredos da pele","potentialAction":[{"@type":"SearchAction","target":{"@type":"EntryPoint","urlTemplate":"https:\/\/www.leti.com\/dermipedia\/pt-pt\/?s={search_term_string}"},"query-input":{"@type":"PropertyValueSpecification","valueRequired":true,"valueName":"search_term_string"}}],"inLanguage":"pt-PT"},{"@type":"Person","@id":"https:\/\/www.leti.com\/dermipedia\/pt-pt\/#\/schema\/person\/60c371053d92fccd8ea744d4fda87f8c","name":"leti","image":{"@type":"ImageObject","inLanguage":"pt-PT","@id":"https:\/\/www.leti.com\/dermipedia\/pt-pt\/#\/schema\/person\/image\/","url":"https:\/\/www.leti.com\/dermipedia\/wp-content\/uploads\/2024\/07\/36b43317b744f8a8dbe4141b5b88e713-150x150.png","contentUrl":"https:\/\/www.leti.com\/dermipedia\/wp-content\/uploads\/2024\/07\/36b43317b744f8a8dbe4141b5b88e713-150x150.png","caption":"leti"},"description":"Doctora en informaci\u00f3n biogr\u00e1fica."}]}},"_links":{"self":[{"href":"https:\/\/www.leti.com\/dermipedia\/pt-pt\/wp-json\/wp\/v2\/posts\/4000","targetHints":{"allow":["GET"]}}],"collection":[{"href":"https:\/\/www.leti.com\/dermipedia\/pt-pt\/wp-json\/wp\/v2\/posts"}],"about":[{"href":"https:\/\/www.leti.com\/dermipedia\/pt-pt\/wp-json\/wp\/v2\/types\/post"}],"author":[{"embeddable":true,"href":"https:\/\/www.leti.com\/dermipedia\/pt-pt\/wp-json\/wp\/v2\/users\/3"}],"replies":[{"embeddable":true,"href":"https:\/\/www.leti.com\/dermipedia\/pt-pt\/wp-json\/wp\/v2\/comments?post=4000"}],"version-history":[{"count":5,"href":"https:\/\/www.leti.com\/dermipedia\/pt-pt\/wp-json\/wp\/v2\/posts\/4000\/revisions"}],"predecessor-version":[{"id":4579,"href":"https:\/\/www.leti.com\/dermipedia\/pt-pt\/wp-json\/wp\/v2\/posts\/4000\/revisions\/4579"}],"wp:featuredmedia":[{"embeddable":true,"href":"https:\/\/www.leti.com\/dermipedia\/pt-pt\/wp-json\/wp\/v2\/media\/3811"}],"wp:attachment":[{"href":"https:\/\/www.leti.com\/dermipedia\/pt-pt\/wp-json\/wp\/v2\/media?parent=4000"}],"wp:term":[{"taxonomy":"category","embeddable":true,"href":"https:\/\/www.leti.com\/dermipedia\/pt-pt\/wp-json\/wp\/v2\/categories?post=4000"},{"taxonomy":"post_tag","embeddable":true,"href":"https:\/\/www.leti.com\/dermipedia\/pt-pt\/wp-json\/wp\/v2\/tags?post=4000"}],"curies":[{"name":"wp","href":"https:\/\/api.w.org\/{rel}","templated":true}]}}