{"id":1715,"date":"2020-10-07T18:05:51","date_gmt":"2020-10-07T16:05:51","guid":{"rendered":"https:\/\/www.leti.com\/vivetupiel\/?p=1715"},"modified":"2025-02-21T10:56:14","modified_gmt":"2025-02-21T09:56:14","slug":"como-cuidar-tu-piel-del-uso-continuado-de-mascarillas","status":"publish","type":"post","link":"https:\/\/www.leti.com\/dermipedia\/como-cuidar-tu-piel-del-uso-continuado-de-mascarillas\/","title":{"rendered":"C\u00f3mo cuidar tu piel del uso continuado de mascarillas"},"content":{"rendered":"\n<h3 class=\"wp-block-heading\"><strong>Por qu\u00e9 tenemos que usar mascarillas<\/strong><\/h3>\n\n\n\n<p>Estamos atravesando una <strong>situaci\u00f3n epidemiol\u00f3gica excepcional<\/strong> provocada por el Coronavirus, un virus muy contagioso para el que no disponemos de vacuna actualmente.&nbsp;<\/p>\n\n\n\n<p>La principal v\u00eda de transmisi\u00f3n es por v\u00eda respiratoria y <strong>el uso de mascarillas es imprescindible <\/strong>para disminuir el doble riesgo de contagio; por un lado, las personas infectadas pueden diseminar el virus, y por el otro, las personas sanas pueden inhalar los virus cuando est\u00e1n cerca de las personas contagiadas.&nbsp;<\/p>\n\n\n\n<p>Existen <strong>distintos tipos de mascarillas<\/strong>, ya sean de tela, quir\u00fargicas y FFP2, cada una de las cuales tiene diferente capacidad de filtrar las secreciones respiratorias. No olvides que todas tienen una efectividad limitada y necesitas cambiarlas cada cuatro horas si usas una mascarilla quir\u00fargica y cada 3 d\u00edas si usas una FFP2.&nbsp;<\/p>\n\n\n\n<h3 class=\"wp-block-heading\"><strong>C\u00f3mo afecta el uso de la mascarilla a la piel de mi rostro<\/strong><\/h3>\n\n\n\n<p>Las mascarillas recubren la boca y la nariz, dificultando la inhalaci\u00f3n y la eliminaci\u00f3n del aire que respiramos. Las dificultades para inhalar aire fresco pueden producir <a href=\"\/dermipedia\/cuidar-piel-seca-nariz\/\">s<strong>equedad de la mucosa nasal<\/strong><\/a><strong> y sensaci\u00f3n subjetiva de falta de aire.\u00a0<\/strong><\/p>\n\n\n\n<p>Por otro lado, la retenci\u00f3n del <strong>aire h\u00famedo, caliente, y con gran cantidad de bacterias<\/strong> de la boca bajo la mascarilla puede obstruir el orificio foliculoseb\u00e1ceo (lo que denominamos \u201cel poro\u201d) y alterar la microflora normal de la piel.&nbsp;<\/p>\n\n\n\n<p>Por otra parte, el roce continuo de la mascarilla sobre la piel produce la <strong>aparici\u00f3n de irritaci\u00f3n en las zonas de fricci\u00f3n.<\/strong><\/p>\n\n\n\n<p>Las personas con la piel sensible o con tendencia a padecer <strong>dermatitis at\u00f3pica, dermatitis seborreica, acn\u00e9 o ros\u00e1cea <\/strong>facial pueden haber notado un <strong>empeoramiento<\/strong> de sus enfermedades. Estas personas deben utilizar cremas hidratantes adecuadas y aplicar los tratamientos habituales (o buscar el consejo del dermat\u00f3logo para tratarlas).<\/p>\n\n\n\n<h3 class=\"wp-block-heading\"><strong>Qu\u00e9 es el maskn\u00e9 o maskacn\u00e9<\/strong><\/h3>\n\n\n\n<p>Desde el inicio de la pandemia ha aumentado mucho el n\u00famero de pacientes que consultan por <a href=\"\/dermipedia\/que-es\/acne\/\">acn\u00e9 en la cara<\/a>, fundamentalmente en la zona cubierta por la mascarilla. <strong>\u00bfEs culpable s\u00f3lo la mascarilla o existen otros factores desencadenantes?\u00a0<\/strong><\/p>\n\n\n\n<p>El acn\u00e9 es un proceso complejo en el que <strong>intervienen distintos mecanismos<\/strong> de producci\u00f3n, como por ejemplo la <strong>oclusi\u00f3n de los poros <\/strong>(que produce la aparici\u00f3n de comedones y espinillas) y la inflamaci\u00f3n del aparato piloseb\u00e1ceo (que se traduce en granos rojos y de pus e incluso n\u00f3dulos inflamados por debajo de la piel).&nbsp;&nbsp;<\/p>\n\n\n\n<figure class=\"wp-block-image size-large\"><img loading=\"lazy\" decoding=\"async\" width=\"1162\" height=\"688\" src=\"https:\/\/www.leti.com\/dermipedia\/wp-content\/uploads\/2020\/10\/maskne.jpg\" alt=\"\" class=\"wp-image-1718\" srcset=\"https:\/\/www.leti.com\/dermipedia\/wp-content\/uploads\/2020\/10\/maskne.jpg 1162w, https:\/\/www.leti.com\/dermipedia\/wp-content\/uploads\/2020\/10\/maskne-300x178.jpg 300w, https:\/\/www.leti.com\/dermipedia\/wp-content\/uploads\/2020\/10\/maskne-768x455.jpg 768w, https:\/\/www.leti.com\/dermipedia\/wp-content\/uploads\/2020\/10\/maskne-380x225.jpg 380w, https:\/\/www.leti.com\/dermipedia\/wp-content\/uploads\/2020\/10\/maskne-800x474.jpg 800w, https:\/\/www.leti.com\/dermipedia\/wp-content\/uploads\/2020\/10\/maskne-1160x687.jpg 1160w\" sizes=\"auto, (max-width: 1162px) 100vw, 1162px\" \/><\/figure>\n\n\n\n<p>Como hemos comentado antes, la <strong>humedad, el calor y los restos bacterianos<\/strong> del aire que exhalamos quedan retenidos bajo la mascarilla y contribuyen a obstruir el poro de la piel y desequilibrar la flora normal de la piel, desencadenando estos procesos. Sin embargo, <strong>el acn\u00e9 no es un problema de higiene y el lavado reiterado de la piel no s\u00f3lo no es suficiente para eliminar el acn\u00e9 sino que puede empeorar el problema<\/strong>.&nbsp;<\/p>\n\n\n\n<p>Es interesante destacar el considerable n\u00famero de adultos que est\u00e1n sufriendo brotes de acn\u00e9 durante estos meses. Es bien conocida la <strong>relaci\u00f3n entre acn\u00e9 y estr\u00e9s<\/strong>, por lo que es posible que las preocupaciones laborales, familiares y personales jueguen un papel importante en el aumento de la incidencia del denominado <em>acn\u00e9 tard\u00edo<\/em> o acn\u00e9 del adulto<\/p>\n\n\n\n<h3 class=\"wp-block-heading\"><strong>C\u00f3mo tratar el maskn\u00e9 o maskacn\u00e9<\/strong><\/h3>\n\n\n\n<ul class=\"wp-block-list\">\n<li>Mant\u00e9n tus rutinas de higiene, pero <strong>no te laves la piel del rostro m\u00e1s de lo necesario<\/strong>. Utiliza productos especialmente indicados para la piel acneica y recuerda que un lavado demasiado en\u00e9rgico, muy frecuente o con productos agresivos puede empeorar el acn\u00e9.<\/li>\n\n\n\n<li>Hidrata tu cara con productos especiales para piel sensible de<strong> textura fluida<\/strong>. Las cremas grasas contribuyen a la oclusi\u00f3n del poro, y lo hacen a\u00fan m\u00e1s bajo condiciones de calor y humedad.<\/li>\n\n\n\n<li><strong>Sustituye tu mascarilla con la frecuencia necesaria<\/strong>. El uso prolongado disminuye su eficacia y aumenta la humedad y el calor que deteriora nuestra piel.<\/li>\n\n\n\n<li>Si tienes<strong> picor o molestias<\/strong>, debes evitar manipular tus lesiones bajo la mascarilla. Ten en cuenta que la zona acumula una gran cantidad de microorganismos.<\/li>\n\n\n\n<li>Si tienes <strong>lesiones inflamadas<\/strong> (granos rojos, de pus o muy inflamados) consulta con tu dermat\u00f3logo. Puedes requerir un tratamiento espec\u00edfico y corres el riesgo de sufrir cicatrices permanentes si lo demoras.<\/li>\n<\/ul>\n\n\n\n<p>Sigue estos consejos y protege tu piel del acn\u00e9 provocado por el uso continuado de la mascarilla.&nbsp;<\/p>\n","protected":false},"excerpt":{"rendered":"La situaci\u00f3n epidemiol\u00f3gica que estamos viviendo en los \u00faltimos meses nos ha obligado al uso continuado de mascarillas. Esto est\u00e1 teniendo un efecto en la piel de la poblaci\u00f3n, aumentando los casos de acn\u00e9, irritaciones y empeoramiento de algunas patolog\u00edas de la piel.\n","protected":false},"author":3,"featured_media":1717,"comment_status":"closed","ping_status":"closed","sticky":false,"template":"","format":"standard","meta":{"_acf_changed":false,"footnotes":""},"categories":[4,9],"tags":[61,46,63,45,62,64,40],"class_list":{"0":"post-1715","1":"post","2":"type-post","3":"status-publish","4":"format-standard","5":"has-post-thumbnail","7":"category-consejos","8":"category-piel-sana-y-sensible","9":"tag-adultos","10":"tag-hidratacion","11":"tag-hombres","12":"tag-limpieza","13":"tag-mayores","14":"tag-mujeres","15":"tag-normal"},"acf":[],"yoast_head":"<!-- This site is optimized with the Yoast SEO plugin v26.1.1 - https:\/\/yoast.com\/wordpress\/plugins\/seo\/ -->\n<title>C\u00f3mo cuidar tu piel del uso continuado de mascarillas - Dermipedia<\/title>\n<meta name=\"description\" content=\"La situaci\u00f3n epidemiol\u00f3gica que estamos viviendo en los \u00faltimos meses nos ha obligado al uso continuado de mascarillas. Esto est\u00e1 teniendo un efecto en la piel de la poblaci\u00f3n, aumentando los casos de acn\u00e9, irritaciones y empeoramiento de algunas patolog\u00edas de la piel.\" \/>\n<meta name=\"robots\" content=\"index, follow, max-snippet:-1, max-image-preview:large, max-video-preview:-1\" \/>\n<link rel=\"canonical\" href=\"https:\/\/www.leti.com\/dermipedia\/como-cuidar-tu-piel-del-uso-continuado-de-mascarillas\/\" \/>\n<meta property=\"og:locale\" content=\"es_ES\" \/>\n<meta property=\"og:type\" content=\"article\" \/>\n<meta property=\"og:title\" content=\"C\u00f3mo cuidar tu piel del uso continuado de mascarillas - Dermipedia\" \/>\n<meta property=\"og:description\" content=\"La situaci\u00f3n epidemiol\u00f3gica que estamos viviendo en los \u00faltimos meses nos ha obligado al uso continuado de mascarillas. Esto est\u00e1 teniendo un efecto en la piel de la poblaci\u00f3n, aumentando los casos de acn\u00e9, irritaciones y empeoramiento de algunas patolog\u00edas de la piel.\" \/>\n<meta property=\"og:url\" content=\"https:\/\/www.leti.com\/dermipedia\/como-cuidar-tu-piel-del-uso-continuado-de-mascarillas\/\" \/>\n<meta property=\"og:site_name\" content=\"Dermipedia\" \/>\n<meta property=\"article:published_time\" content=\"2020-10-07T16:05:51+00:00\" \/>\n<meta property=\"article:modified_time\" content=\"2025-02-21T09:56:14+00:00\" \/>\n<meta property=\"og:image\" content=\"https:\/\/www.leti.com\/dermipedia\/wp-content\/uploads\/2020\/10\/mascarillas.jpg\" \/>\n\t<meta property=\"og:image:width\" content=\"1160\" \/>\n\t<meta property=\"og:image:height\" content=\"684\" \/>\n\t<meta property=\"og:image:type\" content=\"image\/jpeg\" \/>\n<meta name=\"author\" content=\"leti\" \/>\n<meta name=\"twitter:card\" content=\"summary_large_image\" \/>\n<meta name=\"twitter:label1\" content=\"Escrito por\" \/>\n\t<meta name=\"twitter:data1\" content=\"leti\" \/>\n\t<meta name=\"twitter:label2\" content=\"Tiempo de lectura\" \/>\n\t<meta name=\"twitter:data2\" content=\"4 minutos\" \/>\n<script type=\"application\/ld+json\" class=\"yoast-schema-graph\">{\"@context\":\"https:\/\/schema.org\",\"@graph\":[{\"@type\":\"WebPage\",\"@id\":\"https:\/\/www.leti.com\/dermipedia\/como-cuidar-tu-piel-del-uso-continuado-de-mascarillas\/\",\"url\":\"https:\/\/www.leti.com\/dermipedia\/como-cuidar-tu-piel-del-uso-continuado-de-mascarillas\/\",\"name\":\"C\u00f3mo cuidar tu piel del uso continuado de mascarillas - Dermipedia\",\"isPartOf\":{\"@id\":\"https:\/\/www.leti.com\/dermipedia\/#website\"},\"primaryImageOfPage\":{\"@id\":\"https:\/\/www.leti.com\/dermipedia\/como-cuidar-tu-piel-del-uso-continuado-de-mascarillas\/#primaryimage\"},\"image\":{\"@id\":\"https:\/\/www.leti.com\/dermipedia\/como-cuidar-tu-piel-del-uso-continuado-de-mascarillas\/#primaryimage\"},\"thumbnailUrl\":\"https:\/\/www.leti.com\/dermipedia\/wp-content\/uploads\/2020\/10\/mascarillas.jpg\",\"datePublished\":\"2020-10-07T16:05:51+00:00\",\"dateModified\":\"2025-02-21T09:56:14+00:00\",\"author\":{\"@id\":\"https:\/\/www.leti.com\/dermipedia\/#\/schema\/person\/60c371053d92fccd8ea744d4fda87f8c\"},\"description\":\"La situaci\u00f3n epidemiol\u00f3gica que estamos viviendo en los \u00faltimos meses nos ha obligado al uso continuado de mascarillas. Esto est\u00e1 teniendo un efecto en la piel de la poblaci\u00f3n, aumentando los casos de acn\u00e9, irritaciones y empeoramiento de algunas patolog\u00edas de la piel.\",\"breadcrumb\":{\"@id\":\"https:\/\/www.leti.com\/dermipedia\/como-cuidar-tu-piel-del-uso-continuado-de-mascarillas\/#breadcrumb\"},\"inLanguage\":\"es\",\"potentialAction\":[{\"@type\":\"ReadAction\",\"target\":[\"https:\/\/www.leti.com\/dermipedia\/como-cuidar-tu-piel-del-uso-continuado-de-mascarillas\/\"]}]},{\"@type\":\"ImageObject\",\"inLanguage\":\"es\",\"@id\":\"https:\/\/www.leti.com\/dermipedia\/como-cuidar-tu-piel-del-uso-continuado-de-mascarillas\/#primaryimage\",\"url\":\"https:\/\/www.leti.com\/dermipedia\/wp-content\/uploads\/2020\/10\/mascarillas.jpg\",\"contentUrl\":\"https:\/\/www.leti.com\/dermipedia\/wp-content\/uploads\/2020\/10\/mascarillas.jpg\",\"width\":1160,\"height\":684},{\"@type\":\"BreadcrumbList\",\"@id\":\"https:\/\/www.leti.com\/dermipedia\/como-cuidar-tu-piel-del-uso-continuado-de-mascarillas\/#breadcrumb\",\"itemListElement\":[{\"@type\":\"ListItem\",\"position\":1,\"name\":\"Portada\",\"item\":\"https:\/\/www.leti.com\/dermipedia\/inicio\/\"},{\"@type\":\"ListItem\",\"position\":2,\"name\":\"C\u00f3mo cuidar tu piel del uso continuado de mascarillas\"}]},{\"@type\":\"WebSite\",\"@id\":\"https:\/\/www.leti.com\/dermipedia\/#website\",\"url\":\"https:\/\/www.leti.com\/dermipedia\/\",\"name\":\"Dermipedia\",\"description\":\"Todos los secretos de la piel\",\"potentialAction\":[{\"@type\":\"SearchAction\",\"target\":{\"@type\":\"EntryPoint\",\"urlTemplate\":\"https:\/\/www.leti.com\/dermipedia\/?s={search_term_string}\"},\"query-input\":{\"@type\":\"PropertyValueSpecification\",\"valueRequired\":true,\"valueName\":\"search_term_string\"}}],\"inLanguage\":\"es\"},{\"@type\":\"Person\",\"@id\":\"https:\/\/www.leti.com\/dermipedia\/#\/schema\/person\/60c371053d92fccd8ea744d4fda87f8c\",\"name\":\"leti\",\"image\":{\"@type\":\"ImageObject\",\"inLanguage\":\"es\",\"@id\":\"https:\/\/www.leti.com\/dermipedia\/#\/schema\/person\/image\/\",\"url\":\"https:\/\/www.leti.com\/dermipedia\/wp-content\/uploads\/2024\/07\/36b43317b744f8a8dbe4141b5b88e713-150x150.png\",\"contentUrl\":\"https:\/\/www.leti.com\/dermipedia\/wp-content\/uploads\/2024\/07\/36b43317b744f8a8dbe4141b5b88e713-150x150.png\",\"caption\":\"leti\"},\"description\":\"Doctora en informaci\u00f3n biogr\u00e1fica.\"}]}<\/script>\n<!-- \/ Yoast SEO plugin. -->","yoast_head_json":{"title":"C\u00f3mo cuidar tu piel del uso continuado de mascarillas - Dermipedia","description":"La situaci\u00f3n epidemiol\u00f3gica que estamos viviendo en los \u00faltimos meses nos ha obligado al uso continuado de mascarillas. Esto est\u00e1 teniendo un efecto en la piel de la poblaci\u00f3n, aumentando los casos de acn\u00e9, irritaciones y empeoramiento de algunas patolog\u00edas de la piel.","robots":{"index":"index","follow":"follow","max-snippet":"max-snippet:-1","max-image-preview":"max-image-preview:large","max-video-preview":"max-video-preview:-1"},"canonical":"https:\/\/www.leti.com\/dermipedia\/como-cuidar-tu-piel-del-uso-continuado-de-mascarillas\/","og_locale":"es_ES","og_type":"article","og_title":"C\u00f3mo cuidar tu piel del uso continuado de mascarillas - Dermipedia","og_description":"La situaci\u00f3n epidemiol\u00f3gica que estamos viviendo en los \u00faltimos meses nos ha obligado al uso continuado de mascarillas. Esto est\u00e1 teniendo un efecto en la piel de la poblaci\u00f3n, aumentando los casos de acn\u00e9, irritaciones y empeoramiento de algunas patolog\u00edas de la piel.","og_url":"https:\/\/www.leti.com\/dermipedia\/como-cuidar-tu-piel-del-uso-continuado-de-mascarillas\/","og_site_name":"Dermipedia","article_published_time":"2020-10-07T16:05:51+00:00","article_modified_time":"2025-02-21T09:56:14+00:00","og_image":[{"width":1160,"height":684,"url":"https:\/\/www.leti.com\/dermipedia\/wp-content\/uploads\/2020\/10\/mascarillas.jpg","type":"image\/jpeg"}],"author":"leti","twitter_card":"summary_large_image","twitter_misc":{"Escrito por":"leti","Tiempo de lectura":"4 minutos"},"schema":{"@context":"https:\/\/schema.org","@graph":[{"@type":"WebPage","@id":"https:\/\/www.leti.com\/dermipedia\/como-cuidar-tu-piel-del-uso-continuado-de-mascarillas\/","url":"https:\/\/www.leti.com\/dermipedia\/como-cuidar-tu-piel-del-uso-continuado-de-mascarillas\/","name":"C\u00f3mo cuidar tu piel del uso continuado de mascarillas - Dermipedia","isPartOf":{"@id":"https:\/\/www.leti.com\/dermipedia\/#website"},"primaryImageOfPage":{"@id":"https:\/\/www.leti.com\/dermipedia\/como-cuidar-tu-piel-del-uso-continuado-de-mascarillas\/#primaryimage"},"image":{"@id":"https:\/\/www.leti.com\/dermipedia\/como-cuidar-tu-piel-del-uso-continuado-de-mascarillas\/#primaryimage"},"thumbnailUrl":"https:\/\/www.leti.com\/dermipedia\/wp-content\/uploads\/2020\/10\/mascarillas.jpg","datePublished":"2020-10-07T16:05:51+00:00","dateModified":"2025-02-21T09:56:14+00:00","author":{"@id":"https:\/\/www.leti.com\/dermipedia\/#\/schema\/person\/60c371053d92fccd8ea744d4fda87f8c"},"description":"La situaci\u00f3n epidemiol\u00f3gica que estamos viviendo en los \u00faltimos meses nos ha obligado al uso continuado de mascarillas. Esto est\u00e1 teniendo un efecto en la piel de la poblaci\u00f3n, aumentando los casos de acn\u00e9, irritaciones y empeoramiento de algunas patolog\u00edas de la piel.","breadcrumb":{"@id":"https:\/\/www.leti.com\/dermipedia\/como-cuidar-tu-piel-del-uso-continuado-de-mascarillas\/#breadcrumb"},"inLanguage":"es","potentialAction":[{"@type":"ReadAction","target":["https:\/\/www.leti.com\/dermipedia\/como-cuidar-tu-piel-del-uso-continuado-de-mascarillas\/"]}]},{"@type":"ImageObject","inLanguage":"es","@id":"https:\/\/www.leti.com\/dermipedia\/como-cuidar-tu-piel-del-uso-continuado-de-mascarillas\/#primaryimage","url":"https:\/\/www.leti.com\/dermipedia\/wp-content\/uploads\/2020\/10\/mascarillas.jpg","contentUrl":"https:\/\/www.leti.com\/dermipedia\/wp-content\/uploads\/2020\/10\/mascarillas.jpg","width":1160,"height":684},{"@type":"BreadcrumbList","@id":"https:\/\/www.leti.com\/dermipedia\/como-cuidar-tu-piel-del-uso-continuado-de-mascarillas\/#breadcrumb","itemListElement":[{"@type":"ListItem","position":1,"name":"Portada","item":"https:\/\/www.leti.com\/dermipedia\/inicio\/"},{"@type":"ListItem","position":2,"name":"C\u00f3mo cuidar tu piel del uso continuado de mascarillas"}]},{"@type":"WebSite","@id":"https:\/\/www.leti.com\/dermipedia\/#website","url":"https:\/\/www.leti.com\/dermipedia\/","name":"Dermipedia","description":"Todos los secretos de la piel","potentialAction":[{"@type":"SearchAction","target":{"@type":"EntryPoint","urlTemplate":"https:\/\/www.leti.com\/dermipedia\/?s={search_term_string}"},"query-input":{"@type":"PropertyValueSpecification","valueRequired":true,"valueName":"search_term_string"}}],"inLanguage":"es"},{"@type":"Person","@id":"https:\/\/www.leti.com\/dermipedia\/#\/schema\/person\/60c371053d92fccd8ea744d4fda87f8c","name":"leti","image":{"@type":"ImageObject","inLanguage":"es","@id":"https:\/\/www.leti.com\/dermipedia\/#\/schema\/person\/image\/","url":"https:\/\/www.leti.com\/dermipedia\/wp-content\/uploads\/2024\/07\/36b43317b744f8a8dbe4141b5b88e713-150x150.png","contentUrl":"https:\/\/www.leti.com\/dermipedia\/wp-content\/uploads\/2024\/07\/36b43317b744f8a8dbe4141b5b88e713-150x150.png","caption":"leti"},"description":"Doctora en informaci\u00f3n biogr\u00e1fica."}]}},"_links":{"self":[{"href":"https:\/\/www.leti.com\/dermipedia\/wp-json\/wp\/v2\/posts\/1715","targetHints":{"allow":["GET"]}}],"collection":[{"href":"https:\/\/www.leti.com\/dermipedia\/wp-json\/wp\/v2\/posts"}],"about":[{"href":"https:\/\/www.leti.com\/dermipedia\/wp-json\/wp\/v2\/types\/post"}],"author":[{"embeddable":true,"href":"https:\/\/www.leti.com\/dermipedia\/wp-json\/wp\/v2\/users\/3"}],"replies":[{"embeddable":true,"href":"https:\/\/www.leti.com\/dermipedia\/wp-json\/wp\/v2\/comments?post=1715"}],"version-history":[{"count":9,"href":"https:\/\/www.leti.com\/dermipedia\/wp-json\/wp\/v2\/posts\/1715\/revisions"}],"predecessor-version":[{"id":3338,"href":"https:\/\/www.leti.com\/dermipedia\/wp-json\/wp\/v2\/posts\/1715\/revisions\/3338"}],"wp:featuredmedia":[{"embeddable":true,"href":"https:\/\/www.leti.com\/dermipedia\/wp-json\/wp\/v2\/media\/1717"}],"wp:attachment":[{"href":"https:\/\/www.leti.com\/dermipedia\/wp-json\/wp\/v2\/media?parent=1715"}],"wp:term":[{"taxonomy":"category","embeddable":true,"href":"https:\/\/www.leti.com\/dermipedia\/wp-json\/wp\/v2\/categories?post=1715"},{"taxonomy":"post_tag","embeddable":true,"href":"https:\/\/www.leti.com\/dermipedia\/wp-json\/wp\/v2\/tags?post=1715"}],"curies":[{"name":"wp","href":"https:\/\/api.w.org\/{rel}","templated":true}]}}