{"id":1737,"date":"2020-11-05T16:01:16","date_gmt":"2020-11-05T15:01:16","guid":{"rendered":"https:\/\/www.leti.com\/vivetupiel\/?p=1737"},"modified":"2025-02-21T11:25:24","modified_gmt":"2025-02-21T10:25:24","slug":"por-que-aparece-el-acne-en-otono-y-como-puedo-tratarlo","status":"publish","type":"post","link":"https:\/\/www.leti.com\/dermipedia\/por-que-aparece-el-acne-en-otono-y-como-puedo-tratarlo\/","title":{"rendered":"\u00bfPor qu\u00e9 aparece el acn\u00e9 en oto\u00f1o y c\u00f3mo puedo tratarlo?"},"content":{"rendered":"\n<p>El <a href=\"\/dermipedia\/que-es\/acne\/\">acn\u00e9<\/a> es un proceso inflamatorio de origen hormonal <strong>propio de los adolescentes y algunos adultos j\u00f3venes<\/strong>, fundamentalmente mujeres.\u00a0<\/p>\n\n\n\n<p>Las personas con acn\u00e9 tienen granos que<strong> mejoran y empeoran a temporadas<\/strong> incluso sin tratamiento.&nbsp;Algunas veces pueden identificar el motivo del empeoramiento, pero en la <strong>mayor\u00eda de las ocasiones no se sabe bien por qu\u00e9<\/strong>.<\/p>\n\n\n\n<h2 class=\"wp-block-heading\"><strong>Por qu\u00e9 empeora el acn\u00e9 en el oto\u00f1o<\/strong><\/h2>\n\n\n\n<p>La mayor\u00eda de los adolescentes saben que su acn\u00e9 <strong>mejora en el verano y vuelve a empeorar cuando empieza el oto\u00f1o<\/strong>.&nbsp;<\/p>\n\n\n\n<p>Durante el verano, la exposici\u00f3n solar en piscinas y playas tiene un <strong>efecto antiinflamatorio<\/strong> sobre las lesiones acneicas, pero terminada esa \u00e9poca el tratamiento \u201cnatural\u201d del sol desaparece.&nbsp;<\/p>\n\n\n\n<p>Adem\u00e1s, al acabar el verano se acaba la tranquilidad de las vacaciones, y el <strong>estr\u00e9s de la vida cotidiana <\/strong>(estudios, actividades escolares, obligaciones dom\u00e9sticas, relaciones sociales) puede contribuir al empeoramiento.&nbsp;<\/p>\n\n\n\n<p>En los adultos j\u00f3venes el acn\u00e9 no depende tanto de la \u00e9poca del a\u00f1o, porque aunque estos factores existen, las lesiones suelen mejorar menos durante el verano.<\/p>\n\n\n\n<h2 class=\"wp-block-heading\"><strong>Factores que influyen en la aparici\u00f3n del acn\u00e9<\/strong><\/h2>\n\n\n\n<p>No se sabe por qu\u00e9 unas personas tienen acn\u00e9 y otras no, y por qu\u00e9 la intensidad del acn\u00e9 es variable, pero hay una serie de factores que sabemos que intervienen:<\/p>\n\n\n\n<ul class=\"wp-block-list\">\n<li>La <strong>edad<\/strong>: el complejo piloseb\u00e1ceo (es decir, el fol\u00edculo del pelo y la gl\u00e1ndula seb\u00e1cea, que est\u00e1 asociada a \u00e9l), tiene receptores hormonales que se estimulan al llegar la adolescencia, momento de la vida en que aumentan las hormonas. Se trata de un aumento fisiol\u00f3gico, es decir, los niveles sangu\u00edneos son normales y las hormonas hacen su efecto \u201cnormal\u201d.\u00a0La edad, los antecedentes gen\u00e9ticos, las enfermedades endocrinol\u00f3gicas, estr\u00e9s, cosm\u00e9ticos inadecuados y la obesidad son algunos de los factores que influyen en el acn\u00e9.<\/li>\n<\/ul>\n\n\n\n<ul class=\"wp-block-list\">\n<li>Los <strong>antecedentes gen\u00e9ticos y familiares<\/strong>: cuando uno o ambos progenitores tienen antecedentes de acn\u00e9 importante se tiene m\u00e1s probabilidad de tener un acn\u00e9 intenso en su adolescencia. No sabemos qu\u00e9 gen exactamente es el responsable.<\/li>\n\n\n\n<li>Las <strong>enfermedades endocrinol\u00f3gicas<\/strong>: las adolescentes con ovario poliqu\u00edstico y los chicos y chicas con algunas enfermedades endocrinol\u00f3gicas (gen\u00e9ticas o no), son m\u00e1s propensos a tener acn\u00e9.\u00a0<\/li>\n\n\n\n<li>El <strong>estr\u00e9s<\/strong>: se sabe que aumenta la expresi\u00f3n de determinados receptores en la gl\u00e1ndula seb\u00e1cea que favorecen la inflamaci\u00f3n.<\/li>\n\n\n\n<li>Los <strong>cosm\u00e9ticos inadecuados<\/strong>, que son muy grasos o muy espesos, pueden obstruir el poro y contribuir a la formaci\u00f3n de puntos negros y espinillas y poner en marcha los procesos que intervienen en el acn\u00e9 (<em>acn\u00e9 cosm\u00e9tico<\/em>).<\/li>\n\n\n\n<li>No hay evidencias cient\u00edficas suficientemente poderosas que apoyen la influencia de la dieta en el acn\u00e9. Sin embargo, la <strong>obesidad<\/strong> importante conlleva alteraciones metab\u00f3licas que aumentan la predisposici\u00f3n a sufrir acn\u00e9, por lo que es recomendable hacer una alimentaci\u00f3n baja en hidratos de carbono y llevar un estilo de vida sano.<\/li>\n<\/ul>\n\n\n\n<h2 class=\"wp-block-heading\"><strong>C\u00f3mo tratar los brotes de acn<\/strong>\u00e9<\/h2>\n\n\n\n<ul class=\"wp-block-list\">\n<li>Por desgracia, las vacaciones al sol no se pueden prolongar indefinidamente, as\u00ed que casi siempre hay que <strong>buscar un tratamiento espec\u00edfico para el acn\u00e9<\/strong>.<\/li>\n\n\n\n<li>El <strong>lavado diario de la cara con productos espec\u00edficos <\/strong>mejora el aspecto graso de la piel de las personas que tienen acn\u00e9, pero no debes excederte (dos veces al d\u00eda es m\u00e1s que suficiente).<\/li>\n\n\n\n<li><strong>No uses jabones agresivos<\/strong> que resequen en exceso y no frotes vigorosamente la piel. Todo esto puede empeorar el acn\u00e9.<\/li>\n\n\n\n<li><strong>No uses productos cosm\u00e9ticos muy grasos o muy espesos<\/strong> que puedan obstruir el poro y facilitar la aparici\u00f3n de espinillas y puntos negros. Puedes usar maquillaje, pero recuerda que deben ser productos etiquetados como <em>oil-free<\/em> (libres de aceites), especiales para el acn\u00e9 o no comedog\u00e9nicos.<\/li>\n<\/ul>\n\n\n\n<p>El tratamiento m\u00e9dico concreto de las lesiones depende del n\u00famero de lesiones, de la intensidad de la inflamaci\u00f3n, y de la secuela cicatricial que dejan.&nbsp;&nbsp;<\/p>\n\n\n\n<p>No todo el mundo tiene el mismo tipo de acn\u00e9 y por eso existen distintos tipos de cremas y diferentes pastillas. El <strong>dermat\u00f3logo nos asesorar\u00e1 sobre el tratamiento m\u00e1s adecuado <\/strong>en nuestro caso.<\/p>\n","protected":false},"excerpt":{"rendered":"El acn\u00e9 es un proceso inflamatorio de origen hormonal propio de los adolescentes y algunos adultos j\u00f3venes, fundamentalmente&hellip;\n","protected":false},"author":3,"featured_media":1739,"comment_status":"open","ping_status":"open","sticky":false,"template":"","format":"standard","meta":{"_acf_changed":false,"footnotes":""},"categories":[1],"tags":[41,60,69,37,75,45],"class_list":{"0":"post-1737","1":"post","2":"type-post","3":"status-publish","4":"format-standard","5":"has-post-thumbnail","7":"category-sin-categoria","8":"tag-acne","9":"tag-adolescentes","10":"tag-cuidados-especificos-segun-la-estacion","11":"tag-grasa","12":"tag-inflamacion","13":"tag-limpieza"},"acf":[],"yoast_head":"<!-- This site is optimized with the Yoast SEO plugin v26.1.1 - https:\/\/yoast.com\/wordpress\/plugins\/seo\/ -->\n<title>\u00bfPor qu\u00e9 aparece el acn\u00e9 en oto\u00f1o y c\u00f3mo puedo tratarlo? - Dermipedia<\/title>\n<meta name=\"description\" content=\"El acn\u00e9 es un proceso inflamatorio de origen hormonal propio de los adolescentes y algunos adultos j\u00f3venes, fundamentalmente mujeres.\u00a0 Las personas con\" \/>\n<meta name=\"robots\" content=\"index, follow, max-snippet:-1, max-image-preview:large, max-video-preview:-1\" \/>\n<link rel=\"canonical\" href=\"https:\/\/www.leti.com\/dermipedia\/por-que-aparece-el-acne-en-otono-y-como-puedo-tratarlo\/\" \/>\n<meta property=\"og:locale\" content=\"es_ES\" \/>\n<meta property=\"og:type\" content=\"article\" \/>\n<meta property=\"og:title\" content=\"\u00bfPor qu\u00e9 aparece el acn\u00e9 en oto\u00f1o y c\u00f3mo puedo tratarlo? - Dermipedia\" \/>\n<meta property=\"og:description\" content=\"El acn\u00e9 es un proceso inflamatorio de origen hormonal propio de los adolescentes y algunos adultos j\u00f3venes, fundamentalmente mujeres.\u00a0 Las personas con\" \/>\n<meta property=\"og:url\" content=\"https:\/\/www.leti.com\/dermipedia\/por-que-aparece-el-acne-en-otono-y-como-puedo-tratarlo\/\" \/>\n<meta property=\"og:site_name\" content=\"Dermipedia\" \/>\n<meta property=\"article:published_time\" content=\"2020-11-05T15:01:16+00:00\" \/>\n<meta property=\"article:modified_time\" content=\"2025-02-21T10:25:24+00:00\" \/>\n<meta property=\"og:image\" content=\"https:\/\/www.leti.com\/dermipedia\/wp-content\/uploads\/2020\/11\/AdobeStock_129795858-1.png\" \/>\n\t<meta property=\"og:image:width\" content=\"1162\" \/>\n\t<meta property=\"og:image:height\" content=\"688\" \/>\n\t<meta property=\"og:image:type\" content=\"image\/png\" \/>\n<meta name=\"author\" content=\"leti\" \/>\n<meta name=\"twitter:card\" content=\"summary_large_image\" \/>\n<meta name=\"twitter:label1\" content=\"Escrito por\" \/>\n\t<meta name=\"twitter:data1\" content=\"leti\" \/>\n\t<meta name=\"twitter:label2\" content=\"Tiempo de lectura\" \/>\n\t<meta name=\"twitter:data2\" content=\"4 minutos\" \/>\n<script type=\"application\/ld+json\" class=\"yoast-schema-graph\">{\"@context\":\"https:\/\/schema.org\",\"@graph\":[{\"@type\":\"WebPage\",\"@id\":\"https:\/\/www.leti.com\/dermipedia\/por-que-aparece-el-acne-en-otono-y-como-puedo-tratarlo\/\",\"url\":\"https:\/\/www.leti.com\/dermipedia\/por-que-aparece-el-acne-en-otono-y-como-puedo-tratarlo\/\",\"name\":\"\u00bfPor qu\u00e9 aparece el acn\u00e9 en oto\u00f1o y c\u00f3mo puedo tratarlo? - Dermipedia\",\"isPartOf\":{\"@id\":\"https:\/\/www.leti.com\/dermipedia\/#website\"},\"primaryImageOfPage\":{\"@id\":\"https:\/\/www.leti.com\/dermipedia\/por-que-aparece-el-acne-en-otono-y-como-puedo-tratarlo\/#primaryimage\"},\"image\":{\"@id\":\"https:\/\/www.leti.com\/dermipedia\/por-que-aparece-el-acne-en-otono-y-como-puedo-tratarlo\/#primaryimage\"},\"thumbnailUrl\":\"https:\/\/www.leti.com\/dermipedia\/wp-content\/uploads\/2020\/11\/AdobeStock_129795858-1.png\",\"datePublished\":\"2020-11-05T15:01:16+00:00\",\"dateModified\":\"2025-02-21T10:25:24+00:00\",\"author\":{\"@id\":\"https:\/\/www.leti.com\/dermipedia\/#\/schema\/person\/60c371053d92fccd8ea744d4fda87f8c\"},\"description\":\"El acn\u00e9 es un proceso inflamatorio de origen hormonal propio de los adolescentes y algunos adultos j\u00f3venes, fundamentalmente mujeres.\u00a0 Las personas con\",\"breadcrumb\":{\"@id\":\"https:\/\/www.leti.com\/dermipedia\/por-que-aparece-el-acne-en-otono-y-como-puedo-tratarlo\/#breadcrumb\"},\"inLanguage\":\"es\",\"potentialAction\":[{\"@type\":\"ReadAction\",\"target\":[\"https:\/\/www.leti.com\/dermipedia\/por-que-aparece-el-acne-en-otono-y-como-puedo-tratarlo\/\"]}]},{\"@type\":\"ImageObject\",\"inLanguage\":\"es\",\"@id\":\"https:\/\/www.leti.com\/dermipedia\/por-que-aparece-el-acne-en-otono-y-como-puedo-tratarlo\/#primaryimage\",\"url\":\"https:\/\/www.leti.com\/dermipedia\/wp-content\/uploads\/2020\/11\/AdobeStock_129795858-1.png\",\"contentUrl\":\"https:\/\/www.leti.com\/dermipedia\/wp-content\/uploads\/2020\/11\/AdobeStock_129795858-1.png\",\"width\":1162,\"height\":688},{\"@type\":\"BreadcrumbList\",\"@id\":\"https:\/\/www.leti.com\/dermipedia\/por-que-aparece-el-acne-en-otono-y-como-puedo-tratarlo\/#breadcrumb\",\"itemListElement\":[{\"@type\":\"ListItem\",\"position\":1,\"name\":\"Portada\",\"item\":\"https:\/\/www.leti.com\/dermipedia\/inicio\/\"},{\"@type\":\"ListItem\",\"position\":2,\"name\":\"\u00bfPor qu\u00e9 aparece el acn\u00e9 en oto\u00f1o y c\u00f3mo puedo tratarlo?\"}]},{\"@type\":\"WebSite\",\"@id\":\"https:\/\/www.leti.com\/dermipedia\/#website\",\"url\":\"https:\/\/www.leti.com\/dermipedia\/\",\"name\":\"Dermipedia\",\"description\":\"Todos los secretos de la piel\",\"potentialAction\":[{\"@type\":\"SearchAction\",\"target\":{\"@type\":\"EntryPoint\",\"urlTemplate\":\"https:\/\/www.leti.com\/dermipedia\/?s={search_term_string}\"},\"query-input\":{\"@type\":\"PropertyValueSpecification\",\"valueRequired\":true,\"valueName\":\"search_term_string\"}}],\"inLanguage\":\"es\"},{\"@type\":\"Person\",\"@id\":\"https:\/\/www.leti.com\/dermipedia\/#\/schema\/person\/60c371053d92fccd8ea744d4fda87f8c\",\"name\":\"leti\",\"image\":{\"@type\":\"ImageObject\",\"inLanguage\":\"es\",\"@id\":\"https:\/\/www.leti.com\/dermipedia\/#\/schema\/person\/image\/\",\"url\":\"https:\/\/www.leti.com\/dermipedia\/wp-content\/uploads\/2024\/07\/36b43317b744f8a8dbe4141b5b88e713-150x150.png\",\"contentUrl\":\"https:\/\/www.leti.com\/dermipedia\/wp-content\/uploads\/2024\/07\/36b43317b744f8a8dbe4141b5b88e713-150x150.png\",\"caption\":\"leti\"},\"description\":\"Doctora en informaci\u00f3n biogr\u00e1fica.\"}]}<\/script>\n<!-- \/ Yoast SEO plugin. -->","yoast_head_json":{"title":"\u00bfPor qu\u00e9 aparece el acn\u00e9 en oto\u00f1o y c\u00f3mo puedo tratarlo? - Dermipedia","description":"El acn\u00e9 es un proceso inflamatorio de origen hormonal propio de los adolescentes y algunos adultos j\u00f3venes, fundamentalmente mujeres.\u00a0 Las personas con","robots":{"index":"index","follow":"follow","max-snippet":"max-snippet:-1","max-image-preview":"max-image-preview:large","max-video-preview":"max-video-preview:-1"},"canonical":"https:\/\/www.leti.com\/dermipedia\/por-que-aparece-el-acne-en-otono-y-como-puedo-tratarlo\/","og_locale":"es_ES","og_type":"article","og_title":"\u00bfPor qu\u00e9 aparece el acn\u00e9 en oto\u00f1o y c\u00f3mo puedo tratarlo? - Dermipedia","og_description":"El acn\u00e9 es un proceso inflamatorio de origen hormonal propio de los adolescentes y algunos adultos j\u00f3venes, fundamentalmente mujeres.\u00a0 Las personas con","og_url":"https:\/\/www.leti.com\/dermipedia\/por-que-aparece-el-acne-en-otono-y-como-puedo-tratarlo\/","og_site_name":"Dermipedia","article_published_time":"2020-11-05T15:01:16+00:00","article_modified_time":"2025-02-21T10:25:24+00:00","og_image":[{"width":1162,"height":688,"url":"https:\/\/www.leti.com\/dermipedia\/wp-content\/uploads\/2020\/11\/AdobeStock_129795858-1.png","type":"image\/png"}],"author":"leti","twitter_card":"summary_large_image","twitter_misc":{"Escrito por":"leti","Tiempo de lectura":"4 minutos"},"schema":{"@context":"https:\/\/schema.org","@graph":[{"@type":"WebPage","@id":"https:\/\/www.leti.com\/dermipedia\/por-que-aparece-el-acne-en-otono-y-como-puedo-tratarlo\/","url":"https:\/\/www.leti.com\/dermipedia\/por-que-aparece-el-acne-en-otono-y-como-puedo-tratarlo\/","name":"\u00bfPor qu\u00e9 aparece el acn\u00e9 en oto\u00f1o y c\u00f3mo puedo tratarlo? - Dermipedia","isPartOf":{"@id":"https:\/\/www.leti.com\/dermipedia\/#website"},"primaryImageOfPage":{"@id":"https:\/\/www.leti.com\/dermipedia\/por-que-aparece-el-acne-en-otono-y-como-puedo-tratarlo\/#primaryimage"},"image":{"@id":"https:\/\/www.leti.com\/dermipedia\/por-que-aparece-el-acne-en-otono-y-como-puedo-tratarlo\/#primaryimage"},"thumbnailUrl":"https:\/\/www.leti.com\/dermipedia\/wp-content\/uploads\/2020\/11\/AdobeStock_129795858-1.png","datePublished":"2020-11-05T15:01:16+00:00","dateModified":"2025-02-21T10:25:24+00:00","author":{"@id":"https:\/\/www.leti.com\/dermipedia\/#\/schema\/person\/60c371053d92fccd8ea744d4fda87f8c"},"description":"El acn\u00e9 es un proceso inflamatorio de origen hormonal propio de los adolescentes y algunos adultos j\u00f3venes, fundamentalmente mujeres.\u00a0 Las personas con","breadcrumb":{"@id":"https:\/\/www.leti.com\/dermipedia\/por-que-aparece-el-acne-en-otono-y-como-puedo-tratarlo\/#breadcrumb"},"inLanguage":"es","potentialAction":[{"@type":"ReadAction","target":["https:\/\/www.leti.com\/dermipedia\/por-que-aparece-el-acne-en-otono-y-como-puedo-tratarlo\/"]}]},{"@type":"ImageObject","inLanguage":"es","@id":"https:\/\/www.leti.com\/dermipedia\/por-que-aparece-el-acne-en-otono-y-como-puedo-tratarlo\/#primaryimage","url":"https:\/\/www.leti.com\/dermipedia\/wp-content\/uploads\/2020\/11\/AdobeStock_129795858-1.png","contentUrl":"https:\/\/www.leti.com\/dermipedia\/wp-content\/uploads\/2020\/11\/AdobeStock_129795858-1.png","width":1162,"height":688},{"@type":"BreadcrumbList","@id":"https:\/\/www.leti.com\/dermipedia\/por-que-aparece-el-acne-en-otono-y-como-puedo-tratarlo\/#breadcrumb","itemListElement":[{"@type":"ListItem","position":1,"name":"Portada","item":"https:\/\/www.leti.com\/dermipedia\/inicio\/"},{"@type":"ListItem","position":2,"name":"\u00bfPor qu\u00e9 aparece el acn\u00e9 en oto\u00f1o y c\u00f3mo puedo tratarlo?"}]},{"@type":"WebSite","@id":"https:\/\/www.leti.com\/dermipedia\/#website","url":"https:\/\/www.leti.com\/dermipedia\/","name":"Dermipedia","description":"Todos los secretos de la piel","potentialAction":[{"@type":"SearchAction","target":{"@type":"EntryPoint","urlTemplate":"https:\/\/www.leti.com\/dermipedia\/?s={search_term_string}"},"query-input":{"@type":"PropertyValueSpecification","valueRequired":true,"valueName":"search_term_string"}}],"inLanguage":"es"},{"@type":"Person","@id":"https:\/\/www.leti.com\/dermipedia\/#\/schema\/person\/60c371053d92fccd8ea744d4fda87f8c","name":"leti","image":{"@type":"ImageObject","inLanguage":"es","@id":"https:\/\/www.leti.com\/dermipedia\/#\/schema\/person\/image\/","url":"https:\/\/www.leti.com\/dermipedia\/wp-content\/uploads\/2024\/07\/36b43317b744f8a8dbe4141b5b88e713-150x150.png","contentUrl":"https:\/\/www.leti.com\/dermipedia\/wp-content\/uploads\/2024\/07\/36b43317b744f8a8dbe4141b5b88e713-150x150.png","caption":"leti"},"description":"Doctora en informaci\u00f3n biogr\u00e1fica."}]}},"_links":{"self":[{"href":"https:\/\/www.leti.com\/dermipedia\/wp-json\/wp\/v2\/posts\/1737","targetHints":{"allow":["GET"]}}],"collection":[{"href":"https:\/\/www.leti.com\/dermipedia\/wp-json\/wp\/v2\/posts"}],"about":[{"href":"https:\/\/www.leti.com\/dermipedia\/wp-json\/wp\/v2\/types\/post"}],"author":[{"embeddable":true,"href":"https:\/\/www.leti.com\/dermipedia\/wp-json\/wp\/v2\/users\/3"}],"replies":[{"embeddable":true,"href":"https:\/\/www.leti.com\/dermipedia\/wp-json\/wp\/v2\/comments?post=1737"}],"version-history":[{"count":4,"href":"https:\/\/www.leti.com\/dermipedia\/wp-json\/wp\/v2\/posts\/1737\/revisions"}],"predecessor-version":[{"id":3339,"href":"https:\/\/www.leti.com\/dermipedia\/wp-json\/wp\/v2\/posts\/1737\/revisions\/3339"}],"wp:featuredmedia":[{"embeddable":true,"href":"https:\/\/www.leti.com\/dermipedia\/wp-json\/wp\/v2\/media\/1739"}],"wp:attachment":[{"href":"https:\/\/www.leti.com\/dermipedia\/wp-json\/wp\/v2\/media?parent=1737"}],"wp:term":[{"taxonomy":"category","embeddable":true,"href":"https:\/\/www.leti.com\/dermipedia\/wp-json\/wp\/v2\/categories?post=1737"},{"taxonomy":"post_tag","embeddable":true,"href":"https:\/\/www.leti.com\/dermipedia\/wp-json\/wp\/v2\/tags?post=1737"}],"curies":[{"name":"wp","href":"https:\/\/api.w.org\/{rel}","templated":true}]}}